{"id":2783,"date":"2022-09-30T07:31:44","date_gmt":"2022-09-30T07:31:44","guid":{"rendered":"https:\/\/magmont.com\/feria-eisenwarenmesse\/"},"modified":"2024-05-07T06:54:20","modified_gmt":"2024-05-07T06:54:20","slug":"fira-eisenwarenmesse","status":"publish","type":"post","link":"https:\/\/magmont.com\/ca\/fira-eisenwarenmesse\/","title":{"rendered":"Magmont a la Fira Eisenwarenmesse 2022: Una trobada d&#8217;innovaci\u00f3 i connexions"},"content":{"rendered":"<p>A <a href=\"https:\/\/magmont.com\/ca\/\">Magmont<\/a> vam participar a la <strong>Fira Internacional de Ferreter\u00eda 2022 a Col\u00f2nia<\/strong>, Alemanya, del 25 al 28 de setembre. Aquest esdeveniment \u00e9s conegut com el referent internacional al sector de ferreteria i bricolatge, atraient professionals a descobrir les \u00faltimes novetats de la ind\u00fastria.<\/p>\n<p>Durant aquests quatre dies emocionants, ens submergim en un ambient ple d&#8217;activitat, amb una assist\u00e8ncia impressionant d&#8217;empreses de diversos pa\u00efsos. Al nostre estand, presentem el nostre ampli cat\u00e0leg d&#8217;adhesius industrials d&#8217;alta qualitat i segelladors, rebent tots els visitants amb gran inter\u00e8s i entusiasme.<\/p>\n<p>La <a href=\"https:\/\/www.icex.es\/es\/todos-nuestros-servicios\/visitar-mercados\/agenda-de-actividades\/visor-actividades.g_0100528005.act000202309\">fira<\/a> va comptar amb la participaci\u00f3 de m\u00e9s de 2.770 empreses expositores provinents de 143 pa\u00efsos, oferint una \u00e0mplia gamma de productes que reflecteixen la<strong> innovaci\u00f3 i excel\u00b7l\u00e8ncia a la ind\u00fastria ferretera<\/strong>. Des d&#8217;eines i accessoris fins a subministraments industrials, caragols i fixaci\u00f3, elements de construcci\u00f3 i renovacions, entre d&#8217;altres. Sens dubte, cada expositor va destacar amb les seves propostes \u00faniques.<\/p>\n<p>La <strong>Fira Eisenwarenmesse<\/strong> a Col\u00f2nia es destaca com a punt de trobada clau per al mercat europeu de ferreteria. Atrau majoristes, subministradors industrials i figures clau del sector a la recerca de prove\u00efdors internacionals i noves oportunitats comercials.<\/p>\n<p>La nostra participaci\u00f3 en aquest esdeveniment va ser fonamental per enfortir les nostres connexions i explorar noves associacions estrat\u00e8giques. Ens comprometem a mantenir l&#8217;excel\u00b7l\u00e8ncia als nostres productes i serveis, treballant cont\u00ednuament per satisfer les necessitats dels nostres clients.<\/p>\n<p>La pr\u00f2xima edici\u00f3 de la Fira Internacional de Ferreteria est\u00e0 programada per al 2024, i Magmont espera amb entusiasme tornar a participar en aquest esdeveniment l\u00edder a la ind\u00fastria. Estem agra\u00efts per l&#8217;oportunitat d&#8217;haver estat part d&#8217;aquesta experi\u00e8ncia i anticipem amb il\u00b7lusi\u00f3 futures trobades a la Fira Eisenwarenmesse d&#8217;aqu\u00ed a dos anys.<\/p>\n","protected":false},"excerpt":{"rendered":"<p>A Magmont vam participar a la Fira Internacional de Ferreter\u00eda 2022 a Col\u00f2nia, Alemanya, del 25 al 28 de setembre. Aquest esdeveniment \u00e9s conegut com el referent internacional al sector de ferreteria i bricolatge, atraient professionals a descobrir les \u00faltimes novetats de la ind\u00fastria. Durant aquests quatre dies emocionants, ens submergim en un ambient ple [&hellip;]<\/p>\n","protected":false},"author":1,"featured_media":2680,"comment_status":"closed","ping_status":"closed","sticky":false,"template":"","format":"standard","meta":{"_et_pb_use_builder":"","_et_pb_old_content":"","_et_gb_content_width":"","footnotes":""},"categories":[73],"tags":[],"class_list":["post-2783","post","type-post","status-publish","format-standard","has-post-thumbnail","hentry","category-noticies"],"yoast_head":"<!-- This site is optimized with the Yoast SEO plugin v26.7 - https:\/\/yoast.com\/wordpress\/plugins\/seo\/ -->\n<title>Fira Eisenwarenmesse 202<\/title>\n<meta name=\"description\" content=\"A Magmont participem a la Fira Internacional de Ferreteria 2022, Eisenwarenmesse, a Col\u00f2nia, Alemanya, del 25 al 28 de setembre.\" \/>\n<meta name=\"robots\" content=\"index, follow, max-snippet:-1, max-image-preview:large, max-video-preview:-1\" \/>\n<link rel=\"canonical\" href=\"https:\/\/magmont.com\/ca\/fira-eisenwarenmesse\/\" \/>\n<meta property=\"og:locale\" content=\"ca_ES\" \/>\n<meta property=\"og:type\" content=\"article\" \/>\n<meta property=\"og:title\" content=\"Fira Eisenwarenmesse 202\" \/>\n<meta property=\"og:description\" content=\"A Magmont participem a la Fira Internacional de Ferreteria 2022, Eisenwarenmesse, a Col\u00f2nia, Alemanya, del 25 al 28 de setembre.\" \/>\n<meta property=\"og:url\" content=\"https:\/\/magmont.com\/ca\/fira-eisenwarenmesse\/\" \/>\n<meta property=\"og:site_name\" content=\"MAGMONT | Castell Universal | Adhesivos de cianocrilato en distintos formatos\" \/>\n<meta property=\"article:published_time\" content=\"2022-09-30T07:31:44+00:00\" \/>\n<meta property=\"article:modified_time\" content=\"2024-05-07T06:54:20+00:00\" \/>\n<meta property=\"og:image\" content=\"https:\/\/magmont.com\/wp-content\/uploads\/2024\/04\/colonia-2022.jpeg\" \/>\n\t<meta property=\"og:image:width\" content=\"1283\" \/>\n\t<meta property=\"og:image:height\" content=\"1558\" \/>\n\t<meta property=\"og:image:type\" content=\"image\/jpeg\" \/>\n<meta name=\"author\" content=\"magmont\" \/>\n<meta name=\"twitter:label1\" content=\"Escrit per\" \/>\n\t<meta name=\"twitter:data1\" content=\"magmont\" \/>\n\t<meta name=\"twitter:label2\" content=\"Temps estimat de lectura\" \/>\n\t<meta name=\"twitter:data2\" content=\"2 minuts\" \/>\n<script type=\"application\/ld+json\" class=\"yoast-schema-graph\">{\"@context\":\"https:\/\/schema.org\",\"@graph\":[{\"@type\":\"Article\",\"@id\":\"https:\/\/magmont.com\/ca\/fira-eisenwarenmesse\/#article\",\"isPartOf\":{\"@id\":\"https:\/\/magmont.com\/ca\/fira-eisenwarenmesse\/\"},\"author\":{\"name\":\"magmont\",\"@id\":\"https:\/\/magmont.com\/#\/schema\/person\/bbced4466dedcb52f10d196657e2476b\"},\"headline\":\"Magmont a la Fira Eisenwarenmesse 2022: Una trobada d&#8217;innovaci\u00f3 i connexions\",\"datePublished\":\"2022-09-30T07:31:44+00:00\",\"dateModified\":\"2024-05-07T06:54:20+00:00\",\"mainEntityOfPage\":{\"@id\":\"https:\/\/magmont.com\/ca\/fira-eisenwarenmesse\/\"},\"wordCount\":317,\"publisher\":{\"@id\":\"https:\/\/magmont.com\/#organization\"},\"image\":{\"@id\":\"https:\/\/magmont.com\/ca\/fira-eisenwarenmesse\/#primaryimage\"},\"thumbnailUrl\":\"https:\/\/magmont.com\/wp-content\/uploads\/2024\/04\/colonia-2022.jpeg\",\"articleSection\":[\"Not\u00edcies\"],\"inLanguage\":\"ca\"},{\"@type\":\"WebPage\",\"@id\":\"https:\/\/magmont.com\/ca\/fira-eisenwarenmesse\/\",\"url\":\"https:\/\/magmont.com\/ca\/fira-eisenwarenmesse\/\",\"name\":\"Fira Eisenwarenmesse 202\",\"isPartOf\":{\"@id\":\"https:\/\/magmont.com\/#website\"},\"primaryImageOfPage\":{\"@id\":\"https:\/\/magmont.com\/ca\/fira-eisenwarenmesse\/#primaryimage\"},\"image\":{\"@id\":\"https:\/\/magmont.com\/ca\/fira-eisenwarenmesse\/#primaryimage\"},\"thumbnailUrl\":\"https:\/\/magmont.com\/wp-content\/uploads\/2024\/04\/colonia-2022.jpeg\",\"datePublished\":\"2022-09-30T07:31:44+00:00\",\"dateModified\":\"2024-05-07T06:54:20+00:00\",\"description\":\"A Magmont participem a la Fira Internacional de Ferreteria 2022, Eisenwarenmesse, a Col\u00f2nia, Alemanya, del 25 al 28 de setembre.\",\"breadcrumb\":{\"@id\":\"https:\/\/magmont.com\/ca\/fira-eisenwarenmesse\/#breadcrumb\"},\"inLanguage\":\"ca\",\"potentialAction\":[{\"@type\":\"ReadAction\",\"target\":[\"https:\/\/magmont.com\/ca\/fira-eisenwarenmesse\/\"]}]},{\"@type\":\"ImageObject\",\"inLanguage\":\"ca\",\"@id\":\"https:\/\/magmont.com\/ca\/fira-eisenwarenmesse\/#primaryimage\",\"url\":\"https:\/\/magmont.com\/wp-content\/uploads\/2024\/04\/colonia-2022.jpeg\",\"contentUrl\":\"https:\/\/magmont.com\/wp-content\/uploads\/2024\/04\/colonia-2022.jpeg\",\"width\":1283,\"height\":1558},{\"@type\":\"BreadcrumbList\",\"@id\":\"https:\/\/magmont.com\/ca\/fira-eisenwarenmesse\/#breadcrumb\",\"itemListElement\":[{\"@type\":\"ListItem\",\"position\":1,\"name\":\"Portada\",\"item\":\"https:\/\/magmont.com\/\"},{\"@type\":\"ListItem\",\"position\":2,\"name\":\"Magmont a la Fira Eisenwarenmesse 2022: Una trobada d&#8217;innovaci\u00f3 i connexions\"}]},{\"@type\":\"WebSite\",\"@id\":\"https:\/\/magmont.com\/#website\",\"url\":\"https:\/\/magmont.com\/\",\"name\":\"MAGMONT | Castell Universal | Adhesivos de cianocrilato en distintos formatos\",\"description\":\"Fabricantes de adhesivos de cianocrilato, adhesivos termoconductores, fija tuercas, sellador en pasta y recubrimientos anti manipulaci\u00f3n. Servicio y Calidad, unas de las principales prioridades con m\u00e1s de 15 a\u00f1os de experiencia\",\"publisher\":{\"@id\":\"https:\/\/magmont.com\/#organization\"},\"alternateName\":\"Castell Universal\",\"potentialAction\":[{\"@type\":\"SearchAction\",\"target\":{\"@type\":\"EntryPoint\",\"urlTemplate\":\"https:\/\/magmont.com\/?s={search_term_string}\"},\"query-input\":{\"@type\":\"PropertyValueSpecification\",\"valueRequired\":true,\"valueName\":\"search_term_string\"}}],\"inLanguage\":\"ca\"},{\"@type\":\"Organization\",\"@id\":\"https:\/\/magmont.com\/#organization\",\"name\":\"MAGMONT | Castell Universal | Adhesivos de cianocrilato en distintos formatos\",\"url\":\"https:\/\/magmont.com\/\",\"logo\":{\"@type\":\"ImageObject\",\"inLanguage\":\"ca\",\"@id\":\"https:\/\/magmont.com\/#\/schema\/logo\/image\/\",\"url\":\"https:\/\/magmont.com\/wp-content\/uploads\/2024\/06\/logo2.png\",\"contentUrl\":\"https:\/\/magmont.com\/wp-content\/uploads\/2024\/06\/logo2.png\",\"width\":536,\"height\":162,\"caption\":\"MAGMONT | Castell Universal | Adhesivos de cianocrilato en distintos formatos\"},\"image\":{\"@id\":\"https:\/\/magmont.com\/#\/schema\/logo\/image\/\"},\"sameAs\":[\"https:\/\/www.instagram.com\/adhesivosmagmont\/\",\"https:\/\/es.linkedin.com\/in\/magmont-adhesives\"]},{\"@type\":\"Person\",\"@id\":\"https:\/\/magmont.com\/#\/schema\/person\/bbced4466dedcb52f10d196657e2476b\",\"name\":\"magmont\",\"image\":{\"@type\":\"ImageObject\",\"inLanguage\":\"ca\",\"@id\":\"https:\/\/magmont.com\/#\/schema\/person\/image\/\",\"url\":\"https:\/\/secure.gravatar.com\/avatar\/442251953f111b43a4668103c7b7c09aa35690e525473fb0bb9db0681ee9c0c3?s=96&d=mm&r=g\",\"contentUrl\":\"https:\/\/secure.gravatar.com\/avatar\/442251953f111b43a4668103c7b7c09aa35690e525473fb0bb9db0681ee9c0c3?s=96&d=mm&r=g\",\"caption\":\"magmont\"},\"sameAs\":[\"https:\/\/magmont.com\"],\"url\":\"https:\/\/magmont.com\/ca\/author\/magmont\/\"}]}<\/script>\n<!-- \/ Yoast SEO plugin. -->","yoast_head_json":{"title":"Fira Eisenwarenmesse 202","description":"A Magmont participem a la Fira Internacional de Ferreteria 2022, Eisenwarenmesse, a Col\u00f2nia, Alemanya, del 25 al 28 de setembre.","robots":{"index":"index","follow":"follow","max-snippet":"max-snippet:-1","max-image-preview":"max-image-preview:large","max-video-preview":"max-video-preview:-1"},"canonical":"https:\/\/magmont.com\/ca\/fira-eisenwarenmesse\/","og_locale":"ca_ES","og_type":"article","og_title":"Fira Eisenwarenmesse 202","og_description":"A Magmont participem a la Fira Internacional de Ferreteria 2022, Eisenwarenmesse, a Col\u00f2nia, Alemanya, del 25 al 28 de setembre.","og_url":"https:\/\/magmont.com\/ca\/fira-eisenwarenmesse\/","og_site_name":"MAGMONT | Castell Universal | Adhesivos de cianocrilato en distintos formatos","article_published_time":"2022-09-30T07:31:44+00:00","article_modified_time":"2024-05-07T06:54:20+00:00","og_image":[{"width":1283,"height":1558,"url":"https:\/\/magmont.com\/wp-content\/uploads\/2024\/04\/colonia-2022.jpeg","type":"image\/jpeg"}],"author":"magmont","twitter_misc":{"Escrit per":"magmont","Temps estimat de lectura":"2 minuts"},"schema":{"@context":"https:\/\/schema.org","@graph":[{"@type":"Article","@id":"https:\/\/magmont.com\/ca\/fira-eisenwarenmesse\/#article","isPartOf":{"@id":"https:\/\/magmont.com\/ca\/fira-eisenwarenmesse\/"},"author":{"name":"magmont","@id":"https:\/\/magmont.com\/#\/schema\/person\/bbced4466dedcb52f10d196657e2476b"},"headline":"Magmont a la Fira Eisenwarenmesse 2022: Una trobada d&#8217;innovaci\u00f3 i connexions","datePublished":"2022-09-30T07:31:44+00:00","dateModified":"2024-05-07T06:54:20+00:00","mainEntityOfPage":{"@id":"https:\/\/magmont.com\/ca\/fira-eisenwarenmesse\/"},"wordCount":317,"publisher":{"@id":"https:\/\/magmont.com\/#organization"},"image":{"@id":"https:\/\/magmont.com\/ca\/fira-eisenwarenmesse\/#primaryimage"},"thumbnailUrl":"https:\/\/magmont.com\/wp-content\/uploads\/2024\/04\/colonia-2022.jpeg","articleSection":["Not\u00edcies"],"inLanguage":"ca"},{"@type":"WebPage","@id":"https:\/\/magmont.com\/ca\/fira-eisenwarenmesse\/","url":"https:\/\/magmont.com\/ca\/fira-eisenwarenmesse\/","name":"Fira Eisenwarenmesse 202","isPartOf":{"@id":"https:\/\/magmont.com\/#website"},"primaryImageOfPage":{"@id":"https:\/\/magmont.com\/ca\/fira-eisenwarenmesse\/#primaryimage"},"image":{"@id":"https:\/\/magmont.com\/ca\/fira-eisenwarenmesse\/#primaryimage"},"thumbnailUrl":"https:\/\/magmont.com\/wp-content\/uploads\/2024\/04\/colonia-2022.jpeg","datePublished":"2022-09-30T07:31:44+00:00","dateModified":"2024-05-07T06:54:20+00:00","description":"A Magmont participem a la Fira Internacional de Ferreteria 2022, Eisenwarenmesse, a Col\u00f2nia, Alemanya, del 25 al 28 de setembre.","breadcrumb":{"@id":"https:\/\/magmont.com\/ca\/fira-eisenwarenmesse\/#breadcrumb"},"inLanguage":"ca","potentialAction":[{"@type":"ReadAction","target":["https:\/\/magmont.com\/ca\/fira-eisenwarenmesse\/"]}]},{"@type":"ImageObject","inLanguage":"ca","@id":"https:\/\/magmont.com\/ca\/fira-eisenwarenmesse\/#primaryimage","url":"https:\/\/magmont.com\/wp-content\/uploads\/2024\/04\/colonia-2022.jpeg","contentUrl":"https:\/\/magmont.com\/wp-content\/uploads\/2024\/04\/colonia-2022.jpeg","width":1283,"height":1558},{"@type":"BreadcrumbList","@id":"https:\/\/magmont.com\/ca\/fira-eisenwarenmesse\/#breadcrumb","itemListElement":[{"@type":"ListItem","position":1,"name":"Portada","item":"https:\/\/magmont.com\/"},{"@type":"ListItem","position":2,"name":"Magmont a la Fira Eisenwarenmesse 2022: Una trobada d&#8217;innovaci\u00f3 i connexions"}]},{"@type":"WebSite","@id":"https:\/\/magmont.com\/#website","url":"https:\/\/magmont.com\/","name":"MAGMONT | Castell Universal | Adhesivos de cianocrilato en distintos formatos","description":"Fabricantes de adhesivos de cianocrilato, adhesivos termoconductores, fija tuercas, sellador en pasta y recubrimientos anti manipulaci\u00f3n. Servicio y Calidad, unas de las principales prioridades con m\u00e1s de 15 a\u00f1os de experiencia","publisher":{"@id":"https:\/\/magmont.com\/#organization"},"alternateName":"Castell Universal","potentialAction":[{"@type":"SearchAction","target":{"@type":"EntryPoint","urlTemplate":"https:\/\/magmont.com\/?s={search_term_string}"},"query-input":{"@type":"PropertyValueSpecification","valueRequired":true,"valueName":"search_term_string"}}],"inLanguage":"ca"},{"@type":"Organization","@id":"https:\/\/magmont.com\/#organization","name":"MAGMONT | Castell Universal | Adhesivos de cianocrilato en distintos formatos","url":"https:\/\/magmont.com\/","logo":{"@type":"ImageObject","inLanguage":"ca","@id":"https:\/\/magmont.com\/#\/schema\/logo\/image\/","url":"https:\/\/magmont.com\/wp-content\/uploads\/2024\/06\/logo2.png","contentUrl":"https:\/\/magmont.com\/wp-content\/uploads\/2024\/06\/logo2.png","width":536,"height":162,"caption":"MAGMONT | Castell Universal | Adhesivos de cianocrilato en distintos formatos"},"image":{"@id":"https:\/\/magmont.com\/#\/schema\/logo\/image\/"},"sameAs":["https:\/\/www.instagram.com\/adhesivosmagmont\/","https:\/\/es.linkedin.com\/in\/magmont-adhesives"]},{"@type":"Person","@id":"https:\/\/magmont.com\/#\/schema\/person\/bbced4466dedcb52f10d196657e2476b","name":"magmont","image":{"@type":"ImageObject","inLanguage":"ca","@id":"https:\/\/magmont.com\/#\/schema\/person\/image\/","url":"https:\/\/secure.gravatar.com\/avatar\/442251953f111b43a4668103c7b7c09aa35690e525473fb0bb9db0681ee9c0c3?s=96&d=mm&r=g","contentUrl":"https:\/\/secure.gravatar.com\/avatar\/442251953f111b43a4668103c7b7c09aa35690e525473fb0bb9db0681ee9c0c3?s=96&d=mm&r=g","caption":"magmont"},"sameAs":["https:\/\/magmont.com"],"url":"https:\/\/magmont.com\/ca\/author\/magmont\/"}]}},"_links":{"self":[{"href":"https:\/\/magmont.com\/ca\/wp-json\/wp\/v2\/posts\/2783","targetHints":{"allow":["GET"]}}],"collection":[{"href":"https:\/\/magmont.com\/ca\/wp-json\/wp\/v2\/posts"}],"about":[{"href":"https:\/\/magmont.com\/ca\/wp-json\/wp\/v2\/types\/post"}],"author":[{"embeddable":true,"href":"https:\/\/magmont.com\/ca\/wp-json\/wp\/v2\/users\/1"}],"replies":[{"embeddable":true,"href":"https:\/\/magmont.com\/ca\/wp-json\/wp\/v2\/comments?post=2783"}],"version-history":[{"count":2,"href":"https:\/\/magmont.com\/ca\/wp-json\/wp\/v2\/posts\/2783\/revisions"}],"predecessor-version":[{"id":2785,"href":"https:\/\/magmont.com\/ca\/wp-json\/wp\/v2\/posts\/2783\/revisions\/2785"}],"wp:featuredmedia":[{"embeddable":true,"href":"https:\/\/magmont.com\/ca\/wp-json\/wp\/v2\/media\/2680"}],"wp:attachment":[{"href":"https:\/\/magmont.com\/ca\/wp-json\/wp\/v2\/media?parent=2783"}],"wp:term":[{"taxonomy":"category","embeddable":true,"href":"https:\/\/magmont.com\/ca\/wp-json\/wp\/v2\/categories?post=2783"},{"taxonomy":"post_tag","embeddable":true,"href":"https:\/\/magmont.com\/ca\/wp-json\/wp\/v2\/tags?post=2783"}],"curies":[{"name":"wp","href":"https:\/\/api.w.org\/{rel}","templated":true}]}}